{"id":732,"date":"2026-09-02T06:49:19","date_gmt":"2026-09-02T06:49:19","guid":{"rendered":"https:\/\/cordobaygarcia.com\/?p=732"},"modified":"2026-09-02T10:22:43","modified_gmt":"2026-09-02T10:22:43","slug":"orden-ism-541-2026-regulacion-notificaciones-seg-social","status":"publish","type":"post","link":"https:\/\/cordobaygarcia.com\/en\/orden-ism-541-2026-regulacion-notificaciones-seg-social\/","title":{"rendered":"ORDEN ISM\/541\/2026 REGULACION NOTIFICACIONES SEGURIDAD SOCIAL"},"content":{"rendered":"<p class=\"wp-block-paragraph\">A partir del 1 de septiembre de 2026, las personas que est\u00e9n percibiendo o solicitando determinadas prestaciones de la Seguridad Social deber\u00e1n prestar especial atenci\u00f3n a sus comunicaciones electr\u00f3nicas.<\/p>\n\n\n\n<p class=\"wp-block-paragraph\">La medida se ha aprobado mediante la Orden ISM\/541\/2026, publicada en el BOE, y ampl\u00eda la obligatoriedad de las notificaciones electr\u00f3nicas a quienes se encuentren en situaci\u00f3n de incapacidad temporal (baja laboral), incapacidad permanente o perciban prestaciones por lesiones permanentes no incapacitantes.<\/p>\n\n\n\n<p class=\"wp-block-paragraph\">Este cambio supone un paso m\u00e1s en la digitalizaci\u00f3n de las relaciones entre la Administraci\u00f3n y los ciudadanos, pero tambi\u00e9n implica nuevas responsabilidades para los beneficiarios de estas prestaciones.<\/p>\n\n\n\n<figure class=\"wp-block-image size-large\"><img decoding=\"async\" src=\"https:\/\/cordobaygarcia.com\/wp-content\/uploads\/2026\/09\/REGULACON-NOTIFICACIONES-1024x430.jpg\" alt=\"\" class=\"wp-image-733\"\/><\/figure>\n\n\n\n<p class=\"wp-block-paragraph\"><strong>\u00bfA QUI\u00c9N AFECTA ESTA MEDIDA?<\/strong><\/p>\n\n\n\n<p class=\"wp-block-paragraph\">La nueva normativa afecta a:<\/p>\n\n\n\n<ul class=\"wp-block-list\">\n<li>Personas que soliciten una prestaci\u00f3n por incapacidad temporal.<\/li>\n\n\n\n<li>Personas que est\u00e9n percibiendo una prestaci\u00f3n por incapacidad temporal.<\/li>\n\n\n\n<li>Solicitantes de incapacidad permanente.<\/li>\n\n\n\n<li>Beneficiarios de incapacidad permanente.<\/li>\n\n\n\n<li>Personas que perciban prestaciones por lesiones permanentes no incapacitantes.<\/li>\n<\/ul>\n\n\n\n<p class=\"wp-block-paragraph\">Hasta ahora, muchas de estas comunicaciones se realizaban principalmente mediante correo postal. A partir de septiembre de 2026, la v\u00eda electr\u00f3nica pasar\u00e1 a ser el canal habitual.<\/p>\n\n\n\n<p class=\"wp-block-paragraph\"><strong>\u00bfC\u00d3MO FUNCIONAR\u00c1 EL NUEVO SISTEMA?<\/strong><\/p>\n\n\n\n<ol start=\"1\" class=\"wp-block-list\">\n<li>Recepci\u00f3n de avisos<\/li>\n<\/ol>\n\n\n\n<p class=\"wp-block-paragraph\">Cuando la Seguridad Social emita una nueva comunicaci\u00f3n, enviar\u00e1 un aviso al interesado mediante:<\/p>\n\n\n\n<ul class=\"wp-block-list\">\n<li>SMS<\/li>\n\n\n\n<li>Correo electr\u00f3nico<\/li>\n<\/ul>\n\n\n\n<p class=\"wp-block-paragraph\">Sin embargo, estos mensajes tendr\u00e1n \u00fanicamente car\u00e1cter informativo.<\/p>\n\n\n\n<p class=\"wp-block-paragraph\">Es importante destacar que el aviso no contendr\u00e1 la resoluci\u00f3n ni la notificaci\u00f3n oficial.<\/p>\n\n\n\n<ol start=\"2\" class=\"wp-block-list\">\n<li>Acceso a la comunicaci\u00f3n<\/li>\n<\/ol>\n\n\n\n<p class=\"wp-block-paragraph\">Para consultar el contenido completo de la notificaci\u00f3n, ser\u00e1 necesario acceder al servicio de Notificaciones Telem\u00e1ticas disponible en la Sede Electr\u00f3nica de la Seguridad Social.<\/p>\n\n\n\n<p class=\"wp-block-paragraph\">Ser\u00e1 all\u00ed donde se podr\u00e1 consultar la documentaci\u00f3n oficial, ya sea una resoluci\u00f3n, una citaci\u00f3n, una solicitud de documentaci\u00f3n o cualquier otra comunicaci\u00f3n administrativa.<\/p>\n\n\n\n<ol start=\"3\" class=\"wp-block-list\">\n<li>Identificaci\u00f3n obligatoria<\/li>\n<\/ol>\n\n\n\n<p class=\"wp-block-paragraph\">Para acceder al buz\u00f3n electr\u00f3nico ser\u00e1 necesario disponer de un sistema v\u00e1lido de identificaci\u00f3n digital, como por ejemplo:<\/p>\n\n\n\n<ul class=\"wp-block-list\">\n<li>Certificado Digital<\/li>\n\n\n\n<li>DNI electr\u00f3nico<\/li>\n\n\n\n<li>Sistema Cl@ve<\/li>\n<\/ul>\n\n\n\n<p class=\"wp-block-paragraph\">Por ello, resulta recomendable que las personas afectadas comprueben con antelaci\u00f3n que disponen de alguno de estos medios y que funcionan correctamente.<\/p>\n\n\n\n<p class=\"wp-block-paragraph\"><strong>ATENCI\u00d3N A LOS PLAZOS<\/strong><\/p>\n\n\n\n<p class=\"wp-block-paragraph\">Uno de los aspectos m\u00e1s importantes de la nueva regulaci\u00f3n es el plazo para acceder a las notificaciones.<\/p>\n\n\n\n<p class=\"wp-block-paragraph\">Una vez que la comunicaci\u00f3n est\u00e9 disponible en la sede electr\u00f3nica, el interesado dispondr\u00e1 de 10 d\u00edas naturales para acceder a ella.<\/p>\n\n\n\n<p class=\"wp-block-paragraph\">Si transcurre ese plazo sin consultar la notificaci\u00f3n:<\/p>\n\n\n\n<ul class=\"wp-block-list\">\n<li>Se considerar\u00e1 legalmente rechazada.<\/li>\n\n\n\n<li>La Administraci\u00f3n entender\u00e1 que la comunicaci\u00f3n ha sido efectuada correctamente.<\/li>\n\n\n\n<li>Los plazos administrativos seguir\u00e1n avanzando.<\/li>\n<\/ul>\n\n\n\n<p class=\"wp-block-paragraph\">En otras palabras, no acceder a una notificaci\u00f3n no evita sus efectos jur\u00eddicos.<\/p>\n\n\n\n<p class=\"wp-block-paragraph\">Por ello, ser\u00e1 fundamental revisar peri\u00f3dicamente los avisos recibidos y acceder a la sede electr\u00f3nica cuando exista una comunicaci\u00f3n pendiente.<\/p>\n\n\n\n<figure class=\"wp-block-image size-full\"><img fetchpriority=\"high\" decoding=\"async\" width=\"886\" height=\"498\" src=\"https:\/\/cordobaygarcia.com\/wp-content\/uploads\/2026\/09\/image.png\" alt=\"\" class=\"wp-image-734\" srcset=\"https:\/\/cordobaygarcia.com\/wp-content\/uploads\/2026\/09\/image.png 886w, https:\/\/cordobaygarcia.com\/wp-content\/uploads\/2026\/09\/image-300x169.png 300w, https:\/\/cordobaygarcia.com\/wp-content\/uploads\/2026\/09\/image-18x10.png 18w, https:\/\/cordobaygarcia.com\/wp-content\/uploads\/2026\/09\/image-767x431.png 767w\" sizes=\"(max-width: 886px) 100vw, 886px\" \/><\/figure>\n\n\n\n<p class=\"wp-block-paragraph\"><strong>\u00bfEXISTEN EXCEPCIONES?<\/strong><\/p>\n\n\n\n<p class=\"wp-block-paragraph\">S\u00ed.<\/p>\n\n\n\n<p class=\"wp-block-paragraph\">La normativa contempla determinados supuestos en los que podr\u00e1n seguir utiliz\u00e1ndose canales tradicionales de comunicaci\u00f3n, como el correo postal o la atenci\u00f3n presencial.<\/p>\n\n\n\n<p class=\"wp-block-paragraph\">Esto podr\u00e1 ocurrir cuando:<\/p>\n\n\n\n<ul class=\"wp-block-list\">\n<li>Exista una situaci\u00f3n acreditada de vulnerabilidad.<\/li>\n\n\n\n<li>Haya dificultades derivadas de la brecha digital.<\/li>\n\n\n\n<li>La Administraci\u00f3n no disponga de datos electr\u00f3nicos de contacto del interesado.<\/li>\n<\/ul>\n\n\n\n<p class=\"wp-block-paragraph\">No obstante, la intenci\u00f3n general de la norma es que la comunicaci\u00f3n electr\u00f3nica se convierta en el sistema habitual para este tipo de procedimientos.<\/p>\n\n\n\n<p class=\"wp-block-paragraph\">\u00bfQu\u00e9 recomendamos?<\/p>\n\n\n\n<p class=\"wp-block-paragraph\">Ante la entrada en vigor de esta medida, recomendamos:<\/p>\n\n\n\n<p class=\"wp-block-paragraph\">\u2714 Comprobar que tus datos de contacto est\u00e1n actualizados.<\/p>\n\n\n\n<p class=\"wp-block-paragraph\">\u2714 Disponer de Certificado Digital, DNI electr\u00f3nico o Cl@ve activa.<\/p>\n\n\n\n<p class=\"wp-block-paragraph\">\u2714 Revisar peri\u00f3dicamente el correo electr\u00f3nico y los SMS asociados a tus datos personales.<\/p>\n\n\n\n<p class=\"wp-block-paragraph\">\u2714 Consultar cuanto antes cualquier aviso recibido de la Seguridad Social.<\/p>\n\n\n\n<p class=\"wp-block-paragraph\">\u2714 Solicitar asesoramiento si tienes dudas sobre una resoluci\u00f3n o requerimiento.<\/p>\n\n\n\n<p class=\"wp-block-paragraph\"><strong>CONCLUSI\u00d3N<\/strong><\/p>\n\n\n\n<p class=\"wp-block-paragraph\">La entrada en vigor de la Orden ISM\/541\/2026 supondr\u00e1 un cambio importante para miles de trabajadores y beneficiarios de prestaciones de la Seguridad Social.<\/p>\n\n\n\n<p class=\"wp-block-paragraph\">A partir del 1 de septiembre de 2026, muchas de las comunicaciones relacionadas con bajas laborales, incapacidades permanentes y otras prestaciones se gestionar\u00e1n principalmente por v\u00eda electr\u00f3nica.<\/p>\n\n\n\n<p class=\"wp-block-paragraph\">Adaptarse a este nuevo sistema ser\u00e1 fundamental para evitar la p\u00e9rdida de plazos, requerimientos no atendidos o problemas administrativos.<\/p>\n\n\n\n<p class=\"wp-block-paragraph\"><\/p>","protected":false},"excerpt":{"rendered":"<p>A partir del 1 de septiembre de 2026, las personas que est\u00e9n percibiendo o solicitando determinadas prestaciones de la Seguridad Social deber\u00e1n prestar especial atenci\u00f3n a sus comunicaciones electr\u00f3nicas. La medida se ha aprobado mediante la Orden ISM\/541\/2026, publicada en el BOE, y ampl\u00eda la obligatoriedad de las notificaciones electr\u00f3nicas a quienes se encuentren en&hellip; <a class=\"more-link\" href=\"https:\/\/cordobaygarcia.com\/en\/orden-ism-541-2026-regulacion-notificaciones-seg-social\/\">continue reading <span class=\"screen-reader-text\">ORDEN ISM\/541\/2026 REGULACION NOTIFICACIONES SEGURIDAD SOCIAL<\/span><\/a><\/p>","protected":false},"author":2,"featured_media":739,"comment_status":"closed","ping_status":"closed","sticky":false,"template":"","format":"standard","meta":{"footnotes":""},"categories":[9],"tags":[21],"class_list":["post-732","post","type-post","status-publish","format-standard","has-post-thumbnail","hentry","category-noticias","tag-notificacones-seguridad-social","entry"],"yoast_head":"<!-- This site is optimized with the Yoast SEO Premium plugin v20.12 (Yoast SEO v27.1.1) - https:\/\/yoast.com\/product\/yoast-seo-premium-wordpress\/ -->\n<title>ORDEN ISM\/541\/2026 REGULACION NOTIFICACIONES SEGURIDAD SOCIAL - Cordoba y Garc\u00eda Asesores<\/title>\n<meta name=\"robots\" content=\"index, follow, max-snippet:-1, max-image-preview:large, max-video-preview:-1\" \/>\n<link rel=\"canonical\" href=\"https:\/\/cordobaygarcia.com\/en\/orden-ism-541-2026-regulacion-notificaciones-seg-social\/\" \/>\n<meta property=\"og:locale\" content=\"en_GB\" \/>\n<meta property=\"og:type\" content=\"article\" \/>\n<meta property=\"og:title\" content=\"ORDEN ISM\/541\/2026 REGULACION NOTIFICACIONES SEGURIDAD SOCIAL\" \/>\n<meta property=\"og:description\" content=\"A partir del 1 de septiembre de 2026, las personas que est\u00e9n percibiendo o solicitando determinadas prestaciones de la Seguridad Social deber\u00e1n prestar especial atenci\u00f3n a sus comunicaciones electr\u00f3nicas. La medida se ha aprobado mediante la Orden ISM\/541\/2026, publicada en el BOE, y ampl\u00eda la obligatoriedad de las notificaciones electr\u00f3nicas a quienes se encuentren en&hellip; Continue reading ORDEN ISM\/541\/2026 REGULACION NOTIFICACIONES SEGURIDAD SOCIAL\" \/>\n<meta property=\"og:url\" content=\"https:\/\/cordobaygarcia.com\/en\/orden-ism-541-2026-regulacion-notificaciones-seg-social\/\" \/>\n<meta property=\"og:site_name\" content=\"Cordoba y Garc\u00eda Asesores\" \/>\n<meta property=\"article:published_time\" content=\"2026-09-02T06:49:19+00:00\" \/>\n<meta property=\"article:modified_time\" content=\"2026-09-02T10:22:43+00:00\" \/>\n<meta property=\"og:image\" content=\"https:\/\/cordobaygarcia.com\/wp-content\/uploads\/2026\/09\/notificaciones-e1788343202453.png\" \/>\n\t<meta property=\"og:image:width\" content=\"428\" \/>\n\t<meta property=\"og:image:height\" content=\"276\" \/>\n\t<meta property=\"og:image:type\" content=\"image\/png\" \/>\n<meta name=\"author\" content=\"administrador\" \/>\n<meta name=\"twitter:card\" content=\"summary_large_image\" \/>\n<meta name=\"twitter:label1\" content=\"Written by\" \/>\n\t<meta name=\"twitter:data1\" content=\"administrador\" \/>\n\t<meta name=\"twitter:label2\" content=\"Estimated reading time\" \/>\n\t<meta name=\"twitter:data2\" content=\"4 minutes\" \/>\n<script type=\"application\/ld+json\" class=\"yoast-schema-graph\">{\"@context\":\"https:\/\/schema.org\",\"@graph\":[{\"@type\":\"Article\",\"@id\":\"https:\/\/cordobaygarcia.com\/orden-ism-541-2026-regulacion-notificaciones-seg-social\/#article\",\"isPartOf\":{\"@id\":\"https:\/\/cordobaygarcia.com\/orden-ism-541-2026-regulacion-notificaciones-seg-social\/\"},\"author\":{\"name\":\"administrador\",\"@id\":\"https:\/\/cordobaygarcia.com\/#\/schema\/person\/c19bf13149018337ea7a4a422835cbfe\"},\"headline\":\"ORDEN ISM\/541\/2026 REGULACION NOTIFICACIONES SEGURIDAD SOCIAL\",\"datePublished\":\"2026-09-02T06:49:19+00:00\",\"dateModified\":\"2026-09-02T10:22:43+00:00\",\"mainEntityOfPage\":{\"@id\":\"https:\/\/cordobaygarcia.com\/orden-ism-541-2026-regulacion-notificaciones-seg-social\/\"},\"wordCount\":711,\"image\":{\"@id\":\"https:\/\/cordobaygarcia.com\/orden-ism-541-2026-regulacion-notificaciones-seg-social\/#primaryimage\"},\"thumbnailUrl\":\"https:\/\/cordobaygarcia.com\/wp-content\/uploads\/2026\/09\/notificaciones-e1788343202453.png\",\"keywords\":[\"NOTIFICACONES SEGURIDAD SOCIAL\"],\"articleSection\":[\"Noticias\"],\"inLanguage\":\"en-GB\"},{\"@type\":\"WebPage\",\"@id\":\"https:\/\/cordobaygarcia.com\/orden-ism-541-2026-regulacion-notificaciones-seg-social\/\",\"url\":\"https:\/\/cordobaygarcia.com\/orden-ism-541-2026-regulacion-notificaciones-seg-social\/\",\"name\":\"ORDEN ISM\/541\/2026 REGULACION NOTIFICACIONES SEGURIDAD SOCIAL - Cordoba y Garc\u00eda Asesores\",\"isPartOf\":{\"@id\":\"https:\/\/cordobaygarcia.com\/#website\"},\"primaryImageOfPage\":{\"@id\":\"https:\/\/cordobaygarcia.com\/orden-ism-541-2026-regulacion-notificaciones-seg-social\/#primaryimage\"},\"image\":{\"@id\":\"https:\/\/cordobaygarcia.com\/orden-ism-541-2026-regulacion-notificaciones-seg-social\/#primaryimage\"},\"thumbnailUrl\":\"https:\/\/cordobaygarcia.com\/wp-content\/uploads\/2026\/09\/notificaciones-e1788343202453.png\",\"datePublished\":\"2026-09-02T06:49:19+00:00\",\"dateModified\":\"2026-09-02T10:22:43+00:00\",\"author\":{\"@id\":\"https:\/\/cordobaygarcia.com\/#\/schema\/person\/c19bf13149018337ea7a4a422835cbfe\"},\"breadcrumb\":{\"@id\":\"https:\/\/cordobaygarcia.com\/orden-ism-541-2026-regulacion-notificaciones-seg-social\/#breadcrumb\"},\"inLanguage\":\"en-GB\",\"potentialAction\":[{\"@type\":\"ReadAction\",\"target\":[\"https:\/\/cordobaygarcia.com\/orden-ism-541-2026-regulacion-notificaciones-seg-social\/\"]}]},{\"@type\":\"ImageObject\",\"inLanguage\":\"en-GB\",\"@id\":\"https:\/\/cordobaygarcia.com\/orden-ism-541-2026-regulacion-notificaciones-seg-social\/#primaryimage\",\"url\":\"https:\/\/cordobaygarcia.com\/wp-content\/uploads\/2026\/09\/notificaciones-e1788343202453.png\",\"contentUrl\":\"https:\/\/cordobaygarcia.com\/wp-content\/uploads\/2026\/09\/notificaciones-e1788343202453.png\",\"width\":428,\"height\":276},{\"@type\":\"BreadcrumbList\",\"@id\":\"https:\/\/cordobaygarcia.com\/orden-ism-541-2026-regulacion-notificaciones-seg-social\/#breadcrumb\",\"itemListElement\":[{\"@type\":\"ListItem\",\"position\":1,\"name\":\"Portada\",\"item\":\"https:\/\/cordobaygarcia.com\/\"},{\"@type\":\"ListItem\",\"position\":2,\"name\":\"ORDEN ISM\/541\/2026 REGULACION NOTIFICACIONES SEGURIDAD SOCIAL\"}]},{\"@type\":\"WebSite\",\"@id\":\"https:\/\/cordobaygarcia.com\/#website\",\"url\":\"https:\/\/cordobaygarcia.com\/\",\"name\":\"Cordoba y Garc\u00eda Asesores\",\"description\":\"\",\"potentialAction\":[{\"@type\":\"SearchAction\",\"target\":{\"@type\":\"EntryPoint\",\"urlTemplate\":\"https:\/\/cordobaygarcia.com\/?s={search_term_string}\"},\"query-input\":{\"@type\":\"PropertyValueSpecification\",\"valueRequired\":true,\"valueName\":\"search_term_string\"}}],\"inLanguage\":\"en-GB\"},{\"@type\":\"Person\",\"@id\":\"https:\/\/cordobaygarcia.com\/#\/schema\/person\/c19bf13149018337ea7a4a422835cbfe\",\"name\":\"administrador\",\"image\":{\"@type\":\"ImageObject\",\"inLanguage\":\"en-GB\",\"@id\":\"https:\/\/cordobaygarcia.com\/#\/schema\/person\/image\/\",\"url\":\"https:\/\/secure.gravatar.com\/avatar\/5338196136d49b7e6d70130e1ece914dfa86ffb81dd9a1f23b763e4f2e924ebd?s=96&d=mm&r=g\",\"contentUrl\":\"https:\/\/secure.gravatar.com\/avatar\/5338196136d49b7e6d70130e1ece914dfa86ffb81dd9a1f23b763e4f2e924ebd?s=96&d=mm&r=g\",\"caption\":\"administrador\"},\"url\":\"https:\/\/cordobaygarcia.com\/en\/author\/administrador\/\"}]}<\/script>\n<!-- \/ Yoast SEO Premium plugin. -->","yoast_head_json":{"title":"ORDEN ISM\/541\/2026 REGULACION NOTIFICACIONES SEGURIDAD SOCIAL - Cordoba y Garc\u00eda Asesores","robots":{"index":"index","follow":"follow","max-snippet":"max-snippet:-1","max-image-preview":"max-image-preview:large","max-video-preview":"max-video-preview:-1"},"canonical":"https:\/\/cordobaygarcia.com\/en\/orden-ism-541-2026-regulacion-notificaciones-seg-social\/","og_locale":"en_GB","og_type":"article","og_title":"ORDEN ISM\/541\/2026 REGULACION NOTIFICACIONES SEGURIDAD SOCIAL","og_description":"A partir del 1 de septiembre de 2026, las personas que est\u00e9n percibiendo o solicitando determinadas prestaciones de la Seguridad Social deber\u00e1n prestar especial atenci\u00f3n a sus comunicaciones electr\u00f3nicas. La medida se ha aprobado mediante la Orden ISM\/541\/2026, publicada en el BOE, y ampl\u00eda la obligatoriedad de las notificaciones electr\u00f3nicas a quienes se encuentren en&hellip; Continue reading ORDEN ISM\/541\/2026 REGULACION NOTIFICACIONES SEGURIDAD SOCIAL","og_url":"https:\/\/cordobaygarcia.com\/en\/orden-ism-541-2026-regulacion-notificaciones-seg-social\/","og_site_name":"Cordoba y Garc\u00eda Asesores","article_published_time":"2026-09-02T06:49:19+00:00","article_modified_time":"2026-09-02T10:22:43+00:00","og_image":[{"width":428,"height":276,"url":"https:\/\/cordobaygarcia.com\/wp-content\/uploads\/2026\/09\/notificaciones-e1788343202453.png","type":"image\/png"}],"author":"administrador","twitter_card":"summary_large_image","twitter_misc":{"Written by":"administrador","Estimated reading time":"4 minutes"},"schema":{"@context":"https:\/\/schema.org","@graph":[{"@type":"Article","@id":"https:\/\/cordobaygarcia.com\/orden-ism-541-2026-regulacion-notificaciones-seg-social\/#article","isPartOf":{"@id":"https:\/\/cordobaygarcia.com\/orden-ism-541-2026-regulacion-notificaciones-seg-social\/"},"author":{"name":"administrador","@id":"https:\/\/cordobaygarcia.com\/#\/schema\/person\/c19bf13149018337ea7a4a422835cbfe"},"headline":"ORDEN ISM\/541\/2026 REGULACION NOTIFICACIONES SEGURIDAD SOCIAL","datePublished":"2026-09-02T06:49:19+00:00","dateModified":"2026-09-02T10:22:43+00:00","mainEntityOfPage":{"@id":"https:\/\/cordobaygarcia.com\/orden-ism-541-2026-regulacion-notificaciones-seg-social\/"},"wordCount":711,"image":{"@id":"https:\/\/cordobaygarcia.com\/orden-ism-541-2026-regulacion-notificaciones-seg-social\/#primaryimage"},"thumbnailUrl":"https:\/\/cordobaygarcia.com\/wp-content\/uploads\/2026\/09\/notificaciones-e1788343202453.png","keywords":["NOTIFICACONES SEGURIDAD SOCIAL"],"articleSection":["Noticias"],"inLanguage":"en-GB"},{"@type":"WebPage","@id":"https:\/\/cordobaygarcia.com\/orden-ism-541-2026-regulacion-notificaciones-seg-social\/","url":"https:\/\/cordobaygarcia.com\/orden-ism-541-2026-regulacion-notificaciones-seg-social\/","name":"ORDEN ISM\/541\/2026 REGULACION NOTIFICACIONES SEGURIDAD SOCIAL - Cordoba y Garc\u00eda Asesores","isPartOf":{"@id":"https:\/\/cordobaygarcia.com\/#website"},"primaryImageOfPage":{"@id":"https:\/\/cordobaygarcia.com\/orden-ism-541-2026-regulacion-notificaciones-seg-social\/#primaryimage"},"image":{"@id":"https:\/\/cordobaygarcia.com\/orden-ism-541-2026-regulacion-notificaciones-seg-social\/#primaryimage"},"thumbnailUrl":"https:\/\/cordobaygarcia.com\/wp-content\/uploads\/2026\/09\/notificaciones-e1788343202453.png","datePublished":"2026-09-02T06:49:19+00:00","dateModified":"2026-09-02T10:22:43+00:00","author":{"@id":"https:\/\/cordobaygarcia.com\/#\/schema\/person\/c19bf13149018337ea7a4a422835cbfe"},"breadcrumb":{"@id":"https:\/\/cordobaygarcia.com\/orden-ism-541-2026-regulacion-notificaciones-seg-social\/#breadcrumb"},"inLanguage":"en-GB","potentialAction":[{"@type":"ReadAction","target":["https:\/\/cordobaygarcia.com\/orden-ism-541-2026-regulacion-notificaciones-seg-social\/"]}]},{"@type":"ImageObject","inLanguage":"en-GB","@id":"https:\/\/cordobaygarcia.com\/orden-ism-541-2026-regulacion-notificaciones-seg-social\/#primaryimage","url":"https:\/\/cordobaygarcia.com\/wp-content\/uploads\/2026\/09\/notificaciones-e1788343202453.png","contentUrl":"https:\/\/cordobaygarcia.com\/wp-content\/uploads\/2026\/09\/notificaciones-e1788343202453.png","width":428,"height":276},{"@type":"BreadcrumbList","@id":"https:\/\/cordobaygarcia.com\/orden-ism-541-2026-regulacion-notificaciones-seg-social\/#breadcrumb","itemListElement":[{"@type":"ListItem","position":1,"name":"Portada","item":"https:\/\/cordobaygarcia.com\/"},{"@type":"ListItem","position":2,"name":"ORDEN ISM\/541\/2026 REGULACION NOTIFICACIONES SEGURIDAD SOCIAL"}]},{"@type":"WebSite","@id":"https:\/\/cordobaygarcia.com\/#website","url":"https:\/\/cordobaygarcia.com\/","name":"Cordoba and Garcia Advisors","description":"","potentialAction":[{"@type":"SearchAction","target":{"@type":"EntryPoint","urlTemplate":"https:\/\/cordobaygarcia.com\/?s={search_term_string}"},"query-input":{"@type":"PropertyValueSpecification","valueRequired":true,"valueName":"search_term_string"}}],"inLanguage":"en-GB"},{"@type":"Person","@id":"https:\/\/cordobaygarcia.com\/#\/schema\/person\/c19bf13149018337ea7a4a422835cbfe","name":"administrador","image":{"@type":"ImageObject","inLanguage":"en-GB","@id":"https:\/\/cordobaygarcia.com\/#\/schema\/person\/image\/","url":"https:\/\/secure.gravatar.com\/avatar\/5338196136d49b7e6d70130e1ece914dfa86ffb81dd9a1f23b763e4f2e924ebd?s=96&d=mm&r=g","contentUrl":"https:\/\/secure.gravatar.com\/avatar\/5338196136d49b7e6d70130e1ece914dfa86ffb81dd9a1f23b763e4f2e924ebd?s=96&d=mm&r=g","caption":"administrador"},"url":"https:\/\/cordobaygarcia.com\/en\/author\/administrador\/"}]}},"_links":{"self":[{"href":"https:\/\/cordobaygarcia.com\/en\/wp-json\/wp\/v2\/posts\/732","targetHints":{"allow":["GET"]}}],"collection":[{"href":"https:\/\/cordobaygarcia.com\/en\/wp-json\/wp\/v2\/posts"}],"about":[{"href":"https:\/\/cordobaygarcia.com\/en\/wp-json\/wp\/v2\/types\/post"}],"author":[{"embeddable":true,"href":"https:\/\/cordobaygarcia.com\/en\/wp-json\/wp\/v2\/users\/2"}],"replies":[{"embeddable":true,"href":"https:\/\/cordobaygarcia.com\/en\/wp-json\/wp\/v2\/comments?post=732"}],"version-history":[{"count":1,"href":"https:\/\/cordobaygarcia.com\/en\/wp-json\/wp\/v2\/posts\/732\/revisions"}],"predecessor-version":[{"id":735,"href":"https:\/\/cordobaygarcia.com\/en\/wp-json\/wp\/v2\/posts\/732\/revisions\/735"}],"wp:featuredmedia":[{"embeddable":true,"href":"https:\/\/cordobaygarcia.com\/en\/wp-json\/wp\/v2\/media\/739"}],"wp:attachment":[{"href":"https:\/\/cordobaygarcia.com\/en\/wp-json\/wp\/v2\/media?parent=732"}],"wp:term":[{"taxonomy":"category","embeddable":true,"href":"https:\/\/cordobaygarcia.com\/en\/wp-json\/wp\/v2\/categories?post=732"},{"taxonomy":"post_tag","embeddable":true,"href":"https:\/\/cordobaygarcia.com\/en\/wp-json\/wp\/v2\/tags?post=732"}],"curies":[{"name":"wp","href":"https:\/\/api.w.org\/{rel}","templated":true}]}}